{"id":1724,"date":"2019-11-30T16:00:11","date_gmt":"2019-11-30T15:00:11","guid":{"rendered":"https:\/\/dantetbilisi.ge\/ita\/?p=1724"},"modified":"2019-11-30T16:00:38","modified_gmt":"2019-11-30T15:00:38","slug":"xv-corso-di-formazione-per-esaminatori-a-roma-17-19-gennaio-2020","status":"publish","type":"post","link":"https:\/\/dantetbilisi.ge\/ita\/xv-corso-di-formazione-per-esaminatori-a-roma-17-19-gennaio-2020\/","title":{"rendered":"XV Corso di formazione per esaminatori a Roma 17 &#8211; 19 gennaio 2020"},"content":{"rendered":"<div>\n<div class=\"yiv0057487205ydp602b8c71yiv7796475763block-grid\">\n<div>\n<div class=\"yiv0057487205ydp602b8c71yiv7796475763col yiv0057487205ydp602b8c71yiv7796475763num12\">\n<div>\n<div>\n<div>\n<div>\n<p><strong>XV Corso di formazione per esaminatori<\/strong><\/p>\n<p><em><strong>L&#8217;esame PLIDA A2<\/strong><\/em><\/p>\n<\/div>\n<\/div>\n<div>\n<div>\n<p><strong>Dal 17 al 19 gennaio 2020<\/strong> si svolger\u00e0 il <strong>XV corso di formazione per esaminatori del PLIDA<\/strong> a Roma, nella sede centrale della Societ\u00e0 Dante Alighieri (Palazzo Firenze, Piazza di Firenze, 27).<\/p>\n<p>&nbsp;<\/p>\n<p>Aprir\u00e0 il corso<strong> Alessandro Masi, Segretario Generale della Societ\u00e0 Dante Alighieri<\/strong>, portando i suoi saluti ai partecipanti. A seguire, durante le tre giornate formatori esperti presenteranno le caratteristiche del <strong>livello A2<\/strong> e terranno <strong>laboratori<\/strong> di valutazione delle prove di produzione orale, previste dal nuovo programma di certificazione PLIDA.<\/p>\n<p>Il corso si svolger\u00e0 durante un fine settimana (<strong>dalle ore 15.00 del venerd\u00ec alle 13.00 della domenica<\/strong>). La <strong>Societ\u00e0 Dante Alighieri<\/strong> fa parte dell\u2019elenco degli <strong>enti accreditati per la formazione del personale della scuola<\/strong>. Tutti i docenti della scuola pubblica possono quindi utilizzare il bonus della \u201cCarta del docente\u201d per partecipare ai nostri corsi.<\/p>\n<p>La partecipazione \u00e8 vivamente raccomandata a tutti i componenti delle commissioni d\u2019esame della <strong>certificazione PLIDA<\/strong>, e a tutti coloro che sono interessati alla <strong>valutazione<\/strong> e al <em><strong>language testing<\/strong><\/em>.<\/p>\n<p>Per iscriversi \u00e8 necessario compilare la scheda d\u2019iscrizione online.<\/p>\n<p>Al termine del corso verr\u00e0 rilasciato un attestato di partecipazione.<\/p>\n<p>&nbsp;<\/p>\n<ul>\n<li><a href=\"http:\/\/ladante.musvc1.net\/e\/t?q=6%3dGeLTC%26J%3dM%26G%3dBfK%26H%3dCbJU%264%3dFAMyQ_9tbx_J4_1yjs_AD_9tbx_I9yJz7j.GA_KZ1g_UoQtAnBr-7r-G061GGBxLv-Q5-A6K2M-uB-oM9FjXzHwC-74j9r81-C04vG543M9B%26m%3dKBL5AH.GnR%26zL%3dGZQY\" target=\"_blank\" rel=\"nofollow noopener noreferrer\">Scheda d\u2019iscrizione<\/a><\/li>\n<\/ul>\n<ul>\n<li><a href=\"http:\/\/ladante.musvc1.net\/e\/t?q=3%3d8X8Q4%26C%3d9%26D%3d3Y7%26E%3d4U6R%26u%3d9wJpJ_uqSq_61_rrVp_27_uqSq_56pCl4a.0w_HQtS_Rf0p1g6v_HQtS_RfyY_coIvE_d0_iErDdPiFq5_p6u_5s2p1a2d9n2wEr0_-_sHo8u1mDd.Fd7%26g%3dCuJy31.EhJ%26iJ%3dAR0W\" target=\"_blank\" rel=\"nofollow noopener noreferrer\">Programma<\/a><\/li>\n<\/ul>\n<\/div>\n<\/div>\n<\/div>\n<\/div>\n<\/div>\n<\/div>\n<\/div>\n<\/div>\n","protected":false},"excerpt":{"rendered":"<p>XV Corso di formazione per esaminatori L&#8217;esame PLIDA A2 Dal 17 al 19 gennaio 2020 si svolger\u00e0 il XV corso di formazione per esaminatori del PLIDA a Roma, nella sede centrale della Societ\u00e0 Dante Alighieri (Palazzo Firenze, Piazza di Firenze, 27). &nbsp; Aprir\u00e0 il corso Alessandro Masi, Segretario Generale della&hellip;<\/p>\n","protected":false},"author":1,"featured_media":1725,"comment_status":"closed","ping_status":"open","sticky":false,"template":"","format":"standard","meta":{"_jetpack_memberships_contains_paid_content":false,"footnotes":""},"categories":[40,46],"tags":[41,26,119,42,47,162],"class_list":["post-1724","post","type-post","status-publish","format-standard","has-post-thumbnail","hentry","category-corsi","category-news","tag-corso","tag-dante","tag-formazione","tag-plida","tag-roma","tag-societa-dante-alighieri"],"jetpack_featured_media_url":"https:\/\/dantetbilisi.ge\/ita\/wp-content\/uploads\/2019\/11\/Dante-Allighieri-formazione-Plida-Roma-gennaio-2020.jpg","jetpack_sharing_enabled":true,"_links":{"self":[{"href":"https:\/\/dantetbilisi.ge\/ita\/wp-json\/wp\/v2\/posts\/1724","targetHints":{"allow":["GET"]}}],"collection":[{"href":"https:\/\/dantetbilisi.ge\/ita\/wp-json\/wp\/v2\/posts"}],"about":[{"href":"https:\/\/dantetbilisi.ge\/ita\/wp-json\/wp\/v2\/types\/post"}],"author":[{"embeddable":true,"href":"https:\/\/dantetbilisi.ge\/ita\/wp-json\/wp\/v2\/users\/1"}],"replies":[{"embeddable":true,"href":"https:\/\/dantetbilisi.ge\/ita\/wp-json\/wp\/v2\/comments?post=1724"}],"version-history":[{"count":1,"href":"https:\/\/dantetbilisi.ge\/ita\/wp-json\/wp\/v2\/posts\/1724\/revisions"}],"predecessor-version":[{"id":1726,"href":"https:\/\/dantetbilisi.ge\/ita\/wp-json\/wp\/v2\/posts\/1724\/revisions\/1726"}],"wp:featuredmedia":[{"embeddable":true,"href":"https:\/\/dantetbilisi.ge\/ita\/wp-json\/wp\/v2\/media\/1725"}],"wp:attachment":[{"href":"https:\/\/dantetbilisi.ge\/ita\/wp-json\/wp\/v2\/media?parent=1724"}],"wp:term":[{"taxonomy":"category","embeddable":true,"href":"https:\/\/dantetbilisi.ge\/ita\/wp-json\/wp\/v2\/categories?post=1724"},{"taxonomy":"post_tag","embeddable":true,"href":"https:\/\/dantetbilisi.ge\/ita\/wp-json\/wp\/v2\/tags?post=1724"}],"curies":[{"name":"wp","href":"https:\/\/api.w.org\/{rel}","templated":true}]}}