{"id":633,"date":"2015-11-14T17:12:25","date_gmt":"2015-11-14T13:12:25","guid":{"rendered":"https:\/\/dantetbilisi2.wordpress.com\/?p=230"},"modified":"2015-11-14T17:12:25","modified_gmt":"2015-11-14T13:12:25","slug":"ricordo-dellambasciatore-bruno-bottai","status":"publish","type":"post","link":"https:\/\/dantetbilisi.ge\/ita\/ricordo-dellambasciatore-bruno-bottai\/","title":{"rendered":"Ricordo dell&#8217;Ambasciatore Bruno Bottai"},"content":{"rendered":"<p>La Societ\u00e0 Dante Alighieri, sede centrale di Roma, commemora l&#8217;Ambasciatore Bruno Bottai, gi\u00e0 presidente della Dante, in una serata a lui dedicata che si terr\u00e0 <strong id=\"yui_3_16_0_1_1447503095429_2615\">Gioved\u00ec,\u00a026 novembre 2015, ore 17.00 <\/strong>presso la<strong id=\"yui_3_16_0_1_1447503095429_2615\"> <\/strong>Galleria del Primaticcio, Palazzo Firenze, &#8211; Piazza di Firenze 27, Roma.<\/p>\n<p>Interverranno il presidente della Societ\u00e0 Dante Alighieri Prof. Andrea Riccardi, il Prof. Giordano Bruno Guerri Storico e Presidente della Fondazione Vittoriale degli Italiani, il Prof. Luca Riccardi Universit\u00e0 di Cassino, il Dott. Alessandro Masi Segretario generale della Societ\u00e0 Dante Alighieri, il Dott. Gianni Letta vice Presidente della Societ\u00e0 Dante Alighieri,\u00a0 l&#8217;Ambasciatore Giampiero Massolo direttore del Dipartimento delle Informazioni per la Sicurezza.<\/p>\n<p>Scarica il programma completo <a href=\"http:\/\/ladante.it\/images\/notiziari\/lettera\/2015\/11novembre\/Programma_Ricordo_Bottai.pdf\" target=\"_blank\" rel=\"noopener noreferrer\">cliccando qui.<\/a><\/p>\n<p><img fetchpriority=\"high\" decoding=\"async\" class=\"alignnone size-large wp-image-232\" src=\"https:\/\/dantetbilisi.ge\/ita\/wp-content\/uploads\/2015\/11\/bruno-bottai.jpg?w=660\" alt=\"BRUNO-BOTTAI\" width=\"660\" height=\"345\" srcset=\"https:\/\/dantetbilisi.ge\/ita\/wp-content\/uploads\/2015\/11\/bruno-bottai.jpg 860w, https:\/\/dantetbilisi.ge\/ita\/wp-content\/uploads\/2015\/11\/bruno-bottai-300x157.jpg 300w, https:\/\/dantetbilisi.ge\/ita\/wp-content\/uploads\/2015\/11\/bruno-bottai-768x402.jpg 768w\" sizes=\"(max-width: 660px) 100vw, 660px\" \/><\/p>\n","protected":false},"excerpt":{"rendered":"<p>La Societ\u00e0 Dante Alighieri, sede centrale di Roma, commemora l&#8217;Ambasciatore Bruno Bottai, gi\u00e0 presidente della Dante, in una serata a lui dedicata che si terr\u00e0 Gioved\u00ec,\u00a026 novembre 2015, ore 17.00 presso la Galleria del Primaticcio, Palazzo Firenze, &#8211; Piazza di Firenze 27, Roma. Interverranno il presidente della Societ\u00e0 Dante Alighieri&hellip;<\/p>\n","protected":false},"author":1,"featured_media":0,"comment_status":"open","ping_status":"open","sticky":false,"template":"","format":"standard","meta":{"_jetpack_memberships_contains_paid_content":false,"footnotes":""},"categories":[46],"tags":[29,43,44,31,45,26,47,48],"class_list":["post-633","post","type-post","status-publish","format-standard","hentry","category-news","tag-alighieri","tag-ambasciatore","tag-bruno-bottai","tag-comitato","tag-commemorazione","tag-dante","tag-roma","tag-societa"],"jetpack_featured_media_url":"","jetpack_sharing_enabled":true,"_links":{"self":[{"href":"https:\/\/dantetbilisi.ge\/ita\/wp-json\/wp\/v2\/posts\/633","targetHints":{"allow":["GET"]}}],"collection":[{"href":"https:\/\/dantetbilisi.ge\/ita\/wp-json\/wp\/v2\/posts"}],"about":[{"href":"https:\/\/dantetbilisi.ge\/ita\/wp-json\/wp\/v2\/types\/post"}],"author":[{"embeddable":true,"href":"https:\/\/dantetbilisi.ge\/ita\/wp-json\/wp\/v2\/users\/1"}],"replies":[{"embeddable":true,"href":"https:\/\/dantetbilisi.ge\/ita\/wp-json\/wp\/v2\/comments?post=633"}],"version-history":[{"count":0,"href":"https:\/\/dantetbilisi.ge\/ita\/wp-json\/wp\/v2\/posts\/633\/revisions"}],"wp:attachment":[{"href":"https:\/\/dantetbilisi.ge\/ita\/wp-json\/wp\/v2\/media?parent=633"}],"wp:term":[{"taxonomy":"category","embeddable":true,"href":"https:\/\/dantetbilisi.ge\/ita\/wp-json\/wp\/v2\/categories?post=633"},{"taxonomy":"post_tag","embeddable":true,"href":"https:\/\/dantetbilisi.ge\/ita\/wp-json\/wp\/v2\/tags?post=633"}],"curies":[{"name":"wp","href":"https:\/\/api.w.org\/{rel}","templated":true}]}}