{"id":656,"date":"2016-03-07T16:40:25","date_gmt":"2016-03-07T12:40:25","guid":{"rendered":"https:\/\/dantetbilisi2.wordpress.com\/?p=521"},"modified":"2016-03-07T16:40:25","modified_gmt":"2016-03-07T12:40:25","slug":"lettera-settimanale-n-7-dalla-sede-centrale","status":"publish","type":"post","link":"https:\/\/dantetbilisi.ge\/ita\/lettera-settimanale-n-7-dalla-sede-centrale\/","title":{"rendered":"Lettera settimanale n.7 dalla sede centrale"},"content":{"rendered":"<div id=\"yiv8763603251\">\n<div id=\"yiv8763603251yui_3_16_0_1_1457351434802_8611\">\n<table id=\"yui_3_16_0_1_1457332124367_44833\" class=\"yiv8763603251frame\" border=\"0\" width=\"600\" cellspacing=\"0\" cellpadding=\"0\">\n<tbody id=\"yui_3_16_0_1_1457332124367_44832\">\n<tr id=\"yui_3_16_0_1_1457332124367_44831\">\n<td id=\"yui_3_16_0_1_1457332124367_44830\" colspan=\"3\" height=\"130\">\n<div id=\"yui_3_16_0_1_1457332124367_44829\" align=\"center\"><span id=\"yui_3_16_0_1_1457332124367_44828\" style=\"font-family:Calibri;\"><img fetchpriority=\"high\" decoding=\"async\" id=\"yui_3_16_0_1_1457332124367_44827\" src=\"http:\/\/ladante.it\/images\/notiziari\/lettera\/intestazione.jpg\" alt=\"\" width=\"633\" height=\"128\" border=\"0\" \/><\/span><\/div>\n<\/td>\n<\/tr>\n<tr id=\"yui_3_16_0_1_1457332124367_44851\">\n<td class=\"yiv8763603251text1\" align=\"center\" bgcolor=\"#4b4b4b\" width=\"220\" height=\"25\">\n<div align=\"left\"><span style=\"color:#ffffff;\">\u00a0\u00a0 04\/03<\/span><span style=\"color:#ffffff;font-family:Calibri;\">\/2016<\/span><\/div>\n<\/td>\n<td id=\"yui_3_16_0_1_1457332124367_44850\" class=\"yiv8763603251text1\" align=\"center\" bgcolor=\"#4b4b4b\" width=\"191\">\n<div id=\"yui_3_16_0_1_1457332124367_44853\"><span id=\"yui_3_16_0_1_1457332124367_44852\" style=\"color:#ffffff;font-family:Calibri;\">La lettera settimanale n. 7<\/span><\/div>\n<\/td>\n<td class=\"yiv8763603251text1\" align=\"center\" bgcolor=\"#4b4b4b\" width=\"190\">\n<div align=\"right\"><span style=\"font-family:Calibri;\"><a href=\"https:\/\/www.facebook.com\/PalazzoFirenze\" target=\"_blank\" rel=\"nofollow noopener noreferrer\"><img decoding=\"async\" src=\"http:\/\/www.ladante.it\/images\/notiziari\/lettera\/imglet_facebook.png\" alt=\"\" border=\"0\" \/><\/a>\u00a0\u00a0 <a href=\"https:\/\/twitter.com\/la_dante\" target=\"_blank\" rel=\"nofollow noopener noreferrer\"><img decoding=\"async\" src=\"http:\/\/www.ladante.it\/images\/notiziari\/lettera\/imglet_twitter.png\" alt=\"\" width=\"20\" height=\"20\" border=\"0\" \/><\/a>\u00a0\u00a0 <a href=\"https:\/\/www.youtube.com\/user\/ladanteit\" target=\"_blank\" rel=\"nofollow noopener noreferrer\"><img decoding=\"async\" src=\"http:\/\/ladante.it\/images\/notiziari\/lettera\/imglet_youtube.png\" alt=\"\" width=\"20\" height=\"20\" border=\"0\" \/><\/a><\/span><\/div>\n<\/td>\n<\/tr>\n<tr id=\"yui_3_16_0_1_1457332124367_44835\">\n<td id=\"yui_3_16_0_1_1457332124367_44834\" colspan=\"3\" align=\"left\" valign=\"top\" bgcolor=\"#ffffff\">\n<table id=\"yui_3_16_0_1_1457332124367_44845\" border=\"0\" width=\"100%\" cellspacing=\"0\" cellpadding=\"0\" bgcolor=\"#ffffff\">\n<tbody id=\"yui_3_16_0_1_1457332124367_44844\">\n<tr id=\"yui_3_16_0_1_1457332124367_44843\">\n<td id=\"yui_3_16_0_1_1457332124367_44842\" align=\"left\" valign=\"top\" bgcolor=\"#ffffff\" width=\"100%\">\n<table id=\"yui_3_16_0_1_1457332124367_44841\" border=\"0\" width=\"100%\" cellspacing=\"1\" cellpadding=\"0\" bgcolor=\"#a3977f\">\n<tbody id=\"yui_3_16_0_1_1457332124367_44840\">\n<tr id=\"yui_3_16_0_1_1457332124367_44849\">\n<td id=\"yui_3_16_0_1_1457332124367_44848\" bgcolor=\"#cc0000\" width=\"60%\">\n<div id=\"yui_3_16_0_1_1457332124367_44847\"><span class=\"yiv8763603251text2\"><span style=\"color:#ffffff;\">IL COMITATO DELLA SETTIMANA<\/span><\/span><\/div>\n<\/td>\n<td id=\"yui_3_16_0_1_1457332124367_44857\" bgcolor=\"#ffffff\" width=\"36%\">\n<div id=\"yui_3_16_0_1_1457332124367_44856\"><span id=\"yui_3_16_0_1_1457332124367_44855\" style=\"color:#000000;font-family:Calibri;\"><span id=\"yui_3_16_0_1_1457332124367_44854\" class=\"yiv8763603251text2\">Parole ritrovate: <b>Scommessa<\/b><\/span><\/span><\/div>\n<\/td>\n<\/tr>\n<tr id=\"yui_3_16_0_1_1457332124367_44839\">\n<td id=\"yui_3_16_0_1_1457332124367_44846\" align=\"left\" valign=\"top\" bgcolor=\"#dcdcdc\">\n<table id=\"yui_3_16_0_1_1457332124367_44982\" border=\"0\" width=\"97%\" cellspacing=\"0\" cellpadding=\"0\">\n<tbody id=\"yui_3_16_0_1_1457332124367_44981\">\n<tr id=\"yui_3_16_0_1_1457332124367_44980\">\n<td id=\"yui_3_16_0_1_1457332124367_44979\" valign=\"top\" bgcolor=\"#f0f0f0\">\n<div id=\"yui_3_16_0_1_1457332124367_44984\" align=\"center\"><img loading=\"lazy\" decoding=\"async\" id=\"yui_3_16_0_1_1457332124367_44983\" src=\"http:\/\/ladante.it\/images\/notiziari\/lettera\/2016\/03marzo\/03-04-comitato.jpg\" alt=\"\" width=\"350\" height=\"197\" border=\"0\" \/>\n<\/div>\n<div id=\"yui_3_16_0_1_1457332124367_44985\" align=\"center\">In occasione della recente visita del Presidente del Consiglio Matteo Renzi al nostro comitato di Buenos Aires, i rappresentanti dei sodalizi provenienti dalle aree limitrofe della capitale si sono ritrovati e si sono fatti immortalare in una foto con il Segretario Generale Alessandro Masi. I comitati della settimana, per questa volta, sono tutti i comitati argentini che hanno preso parte all\u2019iniziativa. A loro il nostro ringraziamento!<\/div>\n<div align=\"center\"><\/div>\n<div id=\"yui_3_16_0_1_1457332124367_44986\" align=\"center\"><\/div>\n<div align=\"center\"><\/div>\n<div align=\"center\"><\/div>\n<div align=\"center\"><\/div>\n<\/td>\n<\/tr>\n<\/tbody>\n<\/table>\n<\/td>\n<td id=\"yui_3_16_0_1_1457332124367_44838\" align=\"left\" valign=\"top\" bgcolor=\"#f0f0f0\">\n<div id=\"yui_3_16_0_1_1457332124367_44837\" align=\"center\"><img loading=\"lazy\" decoding=\"async\" id=\"yui_3_16_0_1_1457332124367_44836\" src=\"http:\/\/ladante.it\/images\/notiziari\/lettera\/2016\/03marzo\/03-04-parola.jpg\" alt=\"\" width=\"200\" height=\"219\" border=\"0\" \/><\/div>\n<div id=\"yui_3_16_0_1_1457332124367_44858\">Il verbo latino <i>committere<\/i> voleva dire tra l\u2019altro \u201cmettere insieme due cose\u201d. L\u2019italiano <i>commettere<\/i> conserva questo significato, oggi raro, da cui forse \u00e8 nato il contrario <i>s-commettere<\/i>, cio\u00e8 \u201cseparare\u201d. L\u2019idea \u00e8 che se due persone fanno previsioni diverse sull\u2019esito di un avvenimento, si troveranno su fronti opposti. Anche i latini scommettevano, ma usavano la parola <i>sponsio<\/i> (\u201cpatto sacro\u201d), l\u2019antenato del nostro sposarsi. Che anche oggi, in effetti, \u00e8 una bella scommessa.<\/div>\n<div><\/div>\n<div><i>(a cura di Alessandro Masi, dal supplemento Sette del Corriere della Sera)<\/i><\/div>\n<\/td>\n<\/tr>\n<\/tbody>\n<\/table>\n<\/td>\n<\/tr>\n<\/tbody>\n<\/table>\n<table id=\"yui_3_16_0_1_1457332124367_44867\" border=\"0\" width=\"100%\" cellspacing=\"0\" cellpadding=\"0\" bgcolor=\"#ffffff\">\n<tbody id=\"yui_3_16_0_1_1457332124367_44866\">\n<tr id=\"yui_3_16_0_1_1457332124367_44865\">\n<td id=\"yui_3_16_0_1_1457332124367_44864\" align=\"left\" valign=\"top\" bgcolor=\"#ffffff\" width=\"100%\">\n<table id=\"yui_3_16_0_1_1457332124367_44863\" border=\"0\" width=\"100%\" cellspacing=\"1\" cellpadding=\"0\">\n<tbody id=\"yui_3_16_0_1_1457332124367_44862\">\n<tr>\n<td valign=\"top\" bgcolor=\"#cc0000\"><span style=\"color:#ffffff;\">Primo piano<\/span><\/td>\n<\/tr>\n<tr id=\"yui_3_16_0_1_1457332124367_44861\">\n<td id=\"yui_3_16_0_1_1457332124367_44860\" valign=\"top\"><a href=\"http:\/\/ladante.it\/eventi\/celebrazione-anniversari\/benedetto-croce\/695-la-lingua-come-emanazione-dell-attivita-morale-intervista-al-professor-davide-colussi-sulle-scelte-linguistiche-di-benedetto-croce.html\" target=\"_blank\" rel=\"nofollow noopener noreferrer\"><img loading=\"lazy\" decoding=\"async\" src=\"http:\/\/ladante.it\/images\/attualita\/2016\/02-Feb\/29_colussi3.jpg\" alt=\"\" width=\"200\" height=\"99\" align=\"left\" border=\"0\" hspace=\"10\" vspace=\"10\" \/><\/a><b id=\"yui_3_16_0_1_1457332124367_44859\">La lingua come emanazione dell&#8217;attivit\u00e0 morale. Intervista al professor Davide Colussi sulle scelte linguistiche di Benedetto Croce<\/b><\/p>\n<div id=\"yui_3_16_0_1_1457332124367_44987\">Proseguono le interviste dedicate alla figura di Benedetto Croce, realizzate in occasione del 150\u00b0 anniversario della nascita. Il professor Davide Colussi approfondisce lo stile e la lingua del filosofo, tra i massimi prosatori del Novecento<\/div>\n<div align=\"right\"><a href=\"http:\/\/ladante.it\/eventi\/celebrazione-anniversari\/benedetto-croce\/695-la-lingua-come-emanazione-dell-attivita-morale-intervista-al-professor-davide-colussi-sulle-scelte-linguistiche-di-benedetto-croce.html\" target=\"_blank\" rel=\"nofollow noopener noreferrer\"><span style=\"color:#cc0000;\">Leggi l&#8217;articolo \u00bb<\/span><\/a><\/div>\n<\/td>\n<\/tr>\n<tr id=\"yui_3_16_0_1_1457332124367_44989\">\n<td id=\"yui_3_16_0_1_1457332124367_44988\" valign=\"top\" bgcolor=\"#cc0000\">\n<div><span style=\"color:#ffffff;\">PLIDA<\/span><\/div>\n<\/td>\n<\/tr>\n<tr id=\"yui_3_16_0_1_1457332124367_44870\">\n<td id=\"yui_3_16_0_1_1457332124367_44869\" valign=\"top\">\n<div><i><b><a href=\"http:\/\/plida.it\/notizie\/10026-xxxiii-corso-plida-di-aggiornamento-docenti.html\" target=\"_blank\" rel=\"nofollow noopener noreferrer\"><img loading=\"lazy\" decoding=\"async\" src=\"http:\/\/ladante.it\/images\/loghi\/plida_200.jpg\" alt=\"\" width=\"200\" height=\"89\" align=\"left\" border=\"0\" hspace=\"10\" vspace=\"10\" \/><\/a><\/b><\/i><b>XXXIII Corso PLIDA di aggiornamento docenti<\/b><\/div>\n<div id=\"yui_3_16_0_1_1457332124367_44868\">Leggere in italiano. Attivit\u00e0 didattiche e strategie per sviluppare l&#8217;abilit\u00e0 di comprensione scritta nelle classi di italiano L2\/LS<\/div>\n<div id=\"yui_3_16_0_1_1457332124367_44874\">Dal 6 all&#8217;8 maggio 2016 presso la Sede Centrale della Societ\u00e0 Dante Alighieri, si svolger\u00e0 il XXXIII corso di aggiornamento PLIDA dedicato allo sviluppo dell&#8217;abilit\u00e0 &#8220;leggere&#8221; nelle classi di italiano per stranieri.<\/div>\n<div id=\"yui_3_16_0_1_1457332124367_44990\" align=\"right\"><a href=\"http:\/\/plida.it\/notizie\/10026-xxxiii-corso-plida-di-aggiornamento-docenti.html\" target=\"_blank\" rel=\"nofollow noopener noreferrer\"><span style=\"color:#cc0000;\">Leggi l&#8217;articolo \u00bb<\/span><\/a><\/div>\n<\/td>\n<\/tr>\n<tr id=\"yui_3_16_0_1_1457332124367_44993\">\n<td id=\"yui_3_16_0_1_1457332124367_44992\" valign=\"top\" bgcolor=\"#cc0000\">\n<div id=\"yui_3_16_0_1_1457332124367_44991\"><span style=\"color:#ffffff;\">Succede a Palazzo Firenze<\/span><\/div>\n<\/td>\n<\/tr>\n<tr id=\"yui_3_16_0_1_1457332124367_44873\">\n<td id=\"yui_3_16_0_1_1457332124367_44872\" valign=\"top\">\n<div id=\"yui_3_16_0_1_1457332124367_44995\"><i><b><a href=\"http:\/\/ladante.it\/comunicati-stampa\/709-la-societa-dante-alighieri-ricorda-jacqueline-risset.html\" target=\"_blank\" rel=\"nofollow noopener noreferrer\"><img loading=\"lazy\" decoding=\"async\" src=\"http:\/\/ladante.it\/images\/notiziari\/lettera\/2016\/03marzo\/03-04-Risset.jpg\" alt=\"\" width=\"200\" height=\"308\" align=\"left\" border=\"0\" hspace=\"10\" vspace=\"10\" \/><\/a><\/b><\/i><b id=\"yui_3_16_0_1_1457332124367_44994\">La Societ\u00e0 Dante Alighieri ricorda Jacqueline Risset<\/b><\/div>\n<div id=\"yui_3_16_0_1_1457332124367_44871\">Marted\u00ec 8 marzo la Sala del Primaticcio ospiter\u00e0 l\u2019incontro \u201cJacqueline, Dante , le donne, l\u2019Europa\u201d, in ricordo di Jacqueline Risset, autrice di una traduzione in francese della Divina Commedia<\/div>\n<ul>\n<li><a href=\"http:\/\/ladante.it\/images\/comunicati_stampa\/2016\/03marzo\/03-01-invito-JACQUELINE-DANTE-L-DONNE-L-EUROPA.pdf\" target=\"_blank\" rel=\"nofollow noopener noreferrer\">Invito<\/a><\/li>\n<\/ul>\n<div id=\"yui_3_16_0_1_1457332124367_44875\" align=\"right\"><a href=\"http:\/\/ladante.it\/comunicati-stampa\/709-la-societa-dante-alighieri-ricorda-jacqueline-risset.html\" target=\"_blank\" rel=\"nofollow noopener noreferrer\"><span style=\"color:#cc0000;\">Leggi l&#8217;articolo \u00bb<\/span><\/a><\/div>\n<\/td>\n<\/tr>\n<tr id=\"yui_3_16_0_1_1457332124367_44997\">\n<td id=\"yui_3_16_0_1_1457332124367_44996\" valign=\"top\" bgcolor=\"#cc0000\"><\/td>\n<\/tr>\n<tr id=\"yui_3_16_0_1_1457332124367_45000\">\n<td id=\"yui_3_16_0_1_1457332124367_44999\" valign=\"top\"><b>L\u2019IRAQ MUSEUM DI BAGHDAD. Gli interventi italiani per la riqualificazione di un patrimonio dell\u2019umanit\u00e0<\/b><\/p>\n<div id=\"yui_3_16_0_1_1457332124367_44998\">Il Centro Ricerche Archeologiche e Scavi di Torino e Monumenta Orientalia, in collaborazione con la Societ\u00e0 Dante Alighieri e la Commissione Nazionale Italiana per l\u2019Unesco, presenta, il prossimo mercoled\u00ec 16 marzo, dalle ore 17,30 a Palazzo Firenze, il volume <i>L\u2019IRAQ MUSEUM DI BAGHDAD.Gli interventi italiani per la riqualificazione di un patrimonio dell\u2019umanit\u00e0<\/i> (apice libri).<\/div>\n<div>Saluti istituzionali dei rappresentanti della Societ\u00e0 Dante Alighieri, della Commissione Nazionale Italiana per l\u2019Unesco, dell\u2019Ambasciata della Repubblica dell\u2019Iraq in Italia, del Ministero degli Affari Esteri e della Cooperazione Internazionale, del Ministero dei Beni e delle Attivit\u00e0 Culturali e del Turismo<\/div>\n<ul>\n<li><a href=\"http:\/\/ladante.it\/images\/notiziari\/lettera\/2016\/03marzo\/03-04-Invito-Presentazione-Libro-Iraq-Museum.pdf\" target=\"_blank\" rel=\"nofollow noopener noreferrer\">Invito<\/a><\/li>\n<\/ul>\n<\/td>\n<\/tr>\n<tr>\n<td valign=\"top\" bgcolor=\"#4b4b4b\">\n<div><span style=\"color:#ffffff;\"><b>I PARCHI LETTERARI\u00ae<\/b><\/span><\/div>\n<\/td>\n<\/tr>\n<tr id=\"yui_3_16_0_1_1457332124367_44878\">\n<td id=\"yui_3_16_0_1_1457332124367_44877\" valign=\"top\">\n<div align=\"left\"><b><i><img loading=\"lazy\" decoding=\"async\" src=\"http:\/\/www.ladante.it\/images\/loghi\/parchi.jpg\" alt=\"\" width=\"200\" height=\"97\" align=\"left\" border=\"0\" hspace=\"10\" vspace=\"10\" \/><\/i>Il Parco Letterario Eugenio Montale e delle Cinque Terre a Roma<\/b><\/div>\n<div id=\"yui_3_16_0_1_1457332124367_44876\" align=\"left\">Gioved\u00ec 10 marzo 2016, Roma, Palazzo Firenze ore 17.45. Paesaggio Culturale Italiano &#8211; I Parchi Letterari con la Presidenza della Societ\u00e0 Dante Alighieri e la Presidenza del Parco Nazionale delle Cinque Terre &#8211; Area Marina Protetta e Paesaggio Culturale Italiano, Vi invitano alla presentazione del Parco Letterario\u00ae Eugenio Montale e delle Cinque Terre nella splendida cornice rinascimentale di Palazzo Firenze a Roma. <a id=\"yui_3_16_0_1_1457332124367_45001\" href=\"http:\/\/www.parchiletterari.com\/parchi\/-montale-e-le-cinque-terre\/evento.php?ID=0910\" target=\"_blank\" rel=\"nofollow noopener noreferrer\">[maggiori informazioni]<\/a><\/div>\n<div id=\"yui_3_16_0_1_1457332124367_45002\" align=\"left\"><b>Il Parco Letterario Grazia Deledda a Galtell\u00ec<\/b><\/div>\n<div id=\"yui_3_16_0_1_1457332124367_45003\" align=\"left\">Galtell\u00ec, il paese reso immortale da Grazia Deledda si appresta a vivere uno dei momenti pi\u00f9 significativi dell\u2019anno. E\u2019 infatti durante la Settimana Santa che il sentimento religioso della comunit\u00e0 galtellinese \u00e8 ancora pi\u00f9 intenso e partecipato.<i>\u00a0<\/i><a id=\"yui_3_16_0_1_1457332124367_45004\" href=\"http:\/\/www.parchiletterari.com\/parchi\/grazia-deledda\/evento.php?ID=0907\" target=\"_blank\" rel=\"nofollow noopener noreferrer\">[maggiori informazioni]<\/a><\/div>\n<div id=\"yui_3_16_0_1_1457332124367_45005\" align=\"left\"><b>Il Parco Letterario Le Terre di Dante<\/b><\/div>\n<div id=\"yui_3_16_0_1_1457332124367_45006\" align=\"left\">Viviamo Ravenna, con Dante!<br \/>\nIl 18 e 19 marzo ci aspetta un nuovo week-end dantesco con le proposte dei migliori hotel della citt\u00e0, in collaborazione con RavennaFestival. <a id=\"yui_3_16_0_1_1457332124367_45007\" href=\"http:\/\/www.leterredidante.com\/#%21vivere-ravenna-con-dante\/c19vm\" target=\"_blank\" rel=\"nofollow noopener noreferrer\">[maggiori informazioni]<\/a><\/div>\n<\/td>\n<\/tr>\n<tr>\n<td valign=\"top\" bgcolor=\"#4b4b4b\">\n<div><b><a href=\"http:\/\/www.artwireless.it\/\" target=\"_blank\" rel=\"nofollow noopener noreferrer\"><span style=\"color:#ffffff;\">DIVENTA SOCIO<\/span><\/a><span style=\"color:#ffffff;\"> DELLA DANTE<\/span><\/b><\/div>\n<\/td>\n<\/tr>\n<tr id=\"yui_3_16_0_1_1457332124367_44882\">\n<td id=\"yui_3_16_0_1_1457332124367_44881\" valign=\"top\"><b id=\"yui_3_16_0_1_1457332124367_45008\"><span style=\"color:#000000;\"><a href=\"http:\/\/ladante.it\/diventa-socio\/tipologie-di-tesseramento.html\" target=\"_blank\" rel=\"nofollow noopener noreferrer\"><img loading=\"lazy\" decoding=\"async\" src=\"http:\/\/ladante.it\/images\/notiziari\/lettera\/2016\/tesseramento_2016.jpg\" alt=\"\" width=\"200\" height=\"151\" align=\"left\" border=\"0\" hspace=\"5\" vspace=\"5\" \/><\/a><\/span>Tesseramento 2016. Un nuovo anno con la Dante.<\/b><br \/>\n\u00c8 possibile rinnovare o sottoscrivere la propria tessera direttamente sul sito della Sede Centrale pagando con carta di credito. Numerosi i benefici per i Soci: musei, alberghi, luoghi d\u2019arte, teatri, cinema, librerie, luoghi di ristorazione e accesso all&#8217;area riservata del sito: questi i settori maggiormente coinvolti nella promozione, che continuamente si arricchisce di nuove collaborazioni, non solo in Italia.<\/p>\n<ul>\n<li><a href=\"http:\/\/ladante.it\/diventa-socio\/le-convenzioni.html\" target=\"_blank\" rel=\"nofollow noopener noreferrer\">Scopri i vantaggi della tessera Dante!<\/a><\/li>\n<\/ul>\n<div>Le proposte della settimana per i possessori della tessera<\/div>\n<ul id=\"yui_3_16_0_1_1457332124367_44880\">\n<li><a href=\"http:\/\/ladante.it\/comunicati-stampa\/707-convenzione-tra-la-dante-e-la-casa-museo-di-pavarotti.html\" target=\"_blank\" rel=\"nofollow noopener noreferrer\">Convenzione tra la Dante e la Casa Museo di Pavarotti<\/a><\/li>\n<li id=\"yui_3_16_0_1_1457332124367_44960\"><a href=\"http:\/\/ladante.it\/images\/notiziari\/lettera\/2016\/03marzo\/03-04-convenzione-quirino.pdf\" target=\"_blank\" rel=\"nofollow noopener noreferrer\">Convenzione Teatro Quirino<\/a><\/li>\n<li id=\"yui_3_16_0_1_1457332124367_44879\"><a href=\"http:\/\/ladante.it\/images\/notiziari\/lettera\/2016\/03marzo\/03-04-convenzione-laverdi.pdf\" target=\"_blank\" rel=\"nofollow noopener noreferrer\">Convenzione laVerdi<\/a><\/li>\n<\/ul>\n<div id=\"yui_3_16_0_1_1457332124367_44961\" align=\"right\"><a href=\"http:\/\/ladante.it\/diventa-socio\/tipologie-di-tesseramento.html\" target=\"_blank\" rel=\"nofollow noopener noreferrer\">Diventa Socio \u00bb<\/a><\/div>\n<\/td>\n<\/tr>\n<tr id=\"yui_3_16_0_1_1457332124367_44963\">\n<td id=\"yui_3_16_0_1_1457332124367_44962\" valign=\"top\" bgcolor=\"#4b4b4b\">\n<div><a href=\"http:\/\/www.artwireless.it\/\" target=\"_blank\" rel=\"nofollow noopener noreferrer\"><img loading=\"lazy\" decoding=\"async\" src=\"http:\/\/ladante.it\/images\/loghi\/logo_AW.png\" alt=\"\" width=\"35\" height=\"22\" align=\"left\" border=\"0\" hspace=\"0\" \/><\/a><span style=\"color:#ffffff;\"><b><a href=\"http:\/\/www.artwireless.it\/\" target=\"_blank\" rel=\"nofollow noopener noreferrer\"><span style=\"color:#ffffff;\">ARTWIRELESS<\/span><\/a><\/b><\/span><\/div>\n<\/td>\n<\/tr>\n<tr id=\"yui_3_16_0_1_1457332124367_44959\">\n<td id=\"yui_3_16_0_1_1457332124367_44958\" valign=\"top\"><b><\/b><b><\/b><b><\/b><b><\/b><b><\/b><b><\/b><b><\/b><b><\/b><b><\/b><b><\/b><b><\/b><b><\/b><b><\/b><b><\/b><b><\/b><span id=\"yui_3_16_0_1_1457332124367_44957\" style=\"color:#000000;\"><a href=\"http:\/\/www.artwireless.it\/aw\/ultima-ora\/3239-a-tre-anni-dal-devastante-incendio,-venerd%C3%AC-4-marzo-riapre-al-pubblico-la-citt%C3%A0-della-scienza.html\" target=\"_blank\" rel=\"nofollow noopener noreferrer\"><b><img loading=\"lazy\" decoding=\"async\" src=\"http:\/\/ladante.it\/images\/notiziari\/lettera\/2016\/03marzo\/03-04-AW.jpg\" alt=\"\" width=\"200\" height=\"133\" align=\"left\" border=\"0\" hspace=\"5\" vspace=\"5\" \/><\/b><\/a><b id=\"yui_3_16_0_1_1457332124367_44956\">A tre anni dal devastante incendio, venerd\u00ec 4 marzo riapre al pubblico la &#8220;Citt\u00e0 della Scienza&#8221;<\/b><\/span><\/p>\n<div><span style=\"color:#000000;\">Inaugurer\u00e0 il prossimo venerd\u00ec 4 marzo, a tre anni esatti dall&#8217;incendio che ne distrusse una serie di edifici, la &#8220;Citt\u00e0 della Scienza&#8221;.<\/span><\/div>\n<div align=\"right\"><a href=\"http:\/\/www.artwireless.it\/aw\/ultima-ora\/3239-a-tre-anni-dal-devastante-incendio,-venerd%C3%AC-4-marzo-riapre-al-pubblico-la-citt%C3%A0-della-scienza.html\" target=\"_blank\" rel=\"nofollow noopener noreferrer\"><span style=\"color:#cc0000;\">Leggi l&#8217;articolo \u00bb<\/span><\/a><\/div>\n<\/td>\n<\/tr>\n<tr>\n<td valign=\"top\" bgcolor=\"#4b4b4b\">\n<div><b><span style=\"color:#ffffff;\">ALMA.tv<\/span><\/b><\/div>\n<\/td>\n<\/tr>\n<tr id=\"yui_3_16_0_1_1457332124367_44884\">\n<td id=\"yui_3_16_0_1_1457332124367_44883\" valign=\"top\"><span style=\"color:#000000;font-size:medium;\"><a href=\"http:\/\/www.almaedizioni.it\/almatv\/\" target=\"_blank\" rel=\"nofollow noopener noreferrer\"><img loading=\"lazy\" decoding=\"async\" src=\"http:\/\/ladante.it\/images\/notiziari\/lettera\/alma.jpg\" alt=\"\" width=\"200\" height=\"119\" align=\"left\" border=\"0\" hspace=\"5\" vspace=\"5\" \/><\/a><\/span><b><a href=\"http:\/\/www.almaedizioni.it\/almatv\/\" target=\"_blank\" rel=\"nofollow noopener noreferrer\">ALMA.tv<\/a><\/b> <b>&#8211; Settimana 1 marzo \u2013 8 marzo<\/b><\/p>\n<div id=\"yui_3_16_0_1_1457332124367_44955\">Che differenza c\u2019\u00e8 tra \u2018andare\u2019 e \u2018andarsene\u2019? E perch\u00e9 si pu\u00f2 dire anche \u2018mi mangio un panino\u2019 e non semplicemente \u2018mangio\u2019? Non \u00e8 solo questione di pronomi, e ce lo spiega il professor Tartaglione nella sua grammatica caff\u00e8 dal titolo <i><a href=\"http:\/\/almaedizioni.it\/it\/almatv\/grammatica-caffe\/la-lingua-del-fare-e-la-lingua-dellessere\/\" target=\"_blank\" rel=\"nofollow noopener noreferrer\">La lingua del fare e la lingua dell\u2019essere<\/a><\/i>.<br \/>\nUn altro dubbio che spesso hanno gli studenti (ma non solo loro) \u00e8 quando usare meglio o migliore. Con <a href=\"http:\/\/almaedizioni.it\/it\/almatv\/lingua-quiz\/meglio-o-migliore\/\" target=\"_blank\" rel=\"nofollow noopener noreferrer\">questo linguaquiz<\/a> sicuramente potranno mettersi alla prova e capire tutto\u2026 meglio.<br \/>\nBuona visione!<\/div>\n<\/td>\n<\/tr>\n<tr>\n<td valign=\"top\" bgcolor=\"#4b4b4b\">\n<div><span style=\"color:#ffffff;\"><b>RIASCOLTA GLI ULTIMI INCONTRI E CONFERENZE A PALAZZO FIRENZE<\/b><\/span><\/div>\n<\/td>\n<\/tr>\n<tr id=\"yui_3_16_0_1_1457332124367_44947\">\n<td id=\"yui_3_16_0_1_1457332124367_44946\" valign=\"top\">\n<div id=\"yui_3_16_0_1_1457332124367_44954\" align=\"center\"><b id=\"yui_3_16_0_1_1457332124367_44953\"><span id=\"yui_3_16_0_1_1457332124367_44952\" style=\"color:#000000;font-size:medium;\"><a id=\"yui_3_16_0_1_1457332124367_44951\" href=\"https:\/\/soundcloud.com\/ladante\" target=\"_blank\" rel=\"nofollow noopener noreferrer\">Riascolta gli ultimi incontri e conferenze<br \/>\nsvolti a Palazzo Firenze<\/a><\/span><\/b><\/div>\n<div id=\"yui_3_16_0_1_1457332124367_44945\" align=\"center\"><span id=\"yui_3_16_0_1_1457332124367_44944\" style=\"color:#000000;font-size:medium;\"><a id=\"yui_3_16_0_1_1457332124367_44943\" href=\"https:\/\/soundcloud.com\/ladante\" target=\"_blank\" rel=\"nofollow noopener noreferrer\"><img loading=\"lazy\" decoding=\"async\" id=\"yui_3_16_0_1_1457332124367_44942\" src=\"http:\/\/ladante.it\/images\/notiziari\/lettera\/palazzo-firenze.jpg\" alt=\"\" width=\"200\" height=\"133\" align=\"top\" border=\"0\" hspace=\"5\" vspace=\"5\" \/><\/a><\/span><\/div>\n<ul>\n<li>\n<div align=\"center\"><a href=\"https:\/\/soundcloud.com\/ladante\/presentazione-dellatlante-storico-del-concilio-vaticano-ii-02-03-2016\" target=\"_blank\" rel=\"nofollow noopener noreferrer\">Presentazione dell&#8217;Atlante storico del Concilio Vaticano II (02-03-2016)<\/a><\/div>\n<\/li>\n<\/ul>\n<\/td>\n<\/tr>\n<tr>\n<td bgcolor=\"#cc0000\">\n<div><span style=\"color:#ffffff;font-family:Calibri;\"><span class=\"yiv8763603251text2\">NOTIZIE DAL MONDO<\/span><\/span><\/div>\n<\/td>\n<\/tr>\n<tr id=\"yui_3_16_0_1_1457332124367_44888\">\n<td id=\"yui_3_16_0_1_1457332124367_44887\" align=\"left\" valign=\"top\" height=\"54\">\n<ul id=\"yui_3_16_0_1_1457332124367_44886\">\n<li id=\"yui_3_16_0_1_1457332124367_44885\"><b>Bienna (Svizzera) \u2013 4 marzo<\/b> \u2013 Il giovane pianista umbro Matteo Gobbini, venerd\u00ec 4 marzo terr\u00e0 un concerto di musica classica presso la \u201cScuola di Musica\u201d di Bienna. Vincitore del primo premio al concorso pianistico internazionale \u201cLia Tortora\u201d nel 2015, Matteo Gobbini eseguir\u00e0 al pianoforte per i presenti una selezione di brani di Haydn, Beethoven, Chopin e Prokofiev.<\/li>\n<li id=\"yui_3_16_0_1_1457332124367_44892\"><b>Grenoble (Francia) \u2013 4 marzo<\/b> \u2013 Proseguono gli incontri della rassegna cinematografica organizzata dal comitato \u201cAtelier de cin\u00e9ma\u201d, che si propone di investigare gli aspetti peculiari del cinema italiano di ieri e di oggi. Venerd\u00ec 4 marzo verr\u00e0 proiettato per tutti gli appassionati il film del 1964 \u201cIl deserto rosso\u201d di Michelangelo Antonioni, con Monica Vitti e Richard Harris.<\/li>\n<li id=\"yui_3_16_0_1_1457332124367_44889\"><b>Pori (Finlandia) \u2013 6 e 13 marzo<\/b> \u2013 Il Comitato presenta la prima conferenza del ciclo &#8220;Il pomeriggio italiano&#8221;, che si terr\u00e0 il 6 marzo nella sala conferenze del Museo d&#8217;arte della citt\u00e0, in cui la giornalista Maila-Katriina Tuominen presenter\u00e0 lo scrittore Italo Calvino. Presso la stessa sede il 13 marzo il dott. Sanna Joska terr\u00e0 l\u2019incontro \u201cI bambini dell\u2019imperatore come strumenti di potere a Roma\u201d.<\/li>\n<li id=\"yui_3_16_0_1_1457332124367_44890\"><b>Losanna (Svizzera) \u2013 11 marzo<\/b> \u2013 Il Comitato, in collaborazione col \u201cGruppo Esponenti Italiani\u201d, presenter\u00e0 il libro \u201cLa storia dei Templari\u201d di Gennaro Luigi Nappo, presso l\u2019abbazia di Montheron, incantevole esempio di architettura romanica del dodicesimo secolo.<\/li>\n<li id=\"yui_3_16_0_1_1457332124367_44896\"><b>Norimberga (Germania) \u2013 11 e 12 marzo<\/b> \u2013 L\u201911 marzo il Comitato terr\u00e0 una conferenza, con relatore il dott. Gerhard Kotschenreuther, sulla Roma segreta che \u2018sveler\u00e0\u2019 tramite letture e immagini i luoghi meno conosciuti della citt\u00e0 eterna. Il 12 sar\u00e0 invece presentato il libro \u201cLago di Garda: itinerari naturali, culturali e storici\u201d, il libro di Lothar Mayer, che sar\u00e0 presente all\u2019evento.<\/li>\n<\/ul>\n<div id=\"yui_3_16_0_1_1457332124367_44901\" align=\"center\"><span style=\"color:#cc0000;\"><b>Eventi passati<\/b><\/span><\/div>\n<ul id=\"yui_3_16_0_1_1457332124367_44898\">\n<li id=\"yui_3_16_0_1_1457332124367_44900\"><b>Bangkok (Thailandia) \u2013 26 febbraio<\/b> \u2013 Venerd\u00ec 26 febbraio il comitato ha organizzato per i propri soci un incontro con Marco Capriz, esperto italiano di Comunicazioni e Difesa, dal titolo \u201cTecnologia italiana applicata all\u2019aeronautica e all\u2019esplorazione spaziale\u201d.<\/li>\n<li id=\"yui_3_16_0_1_1457332124367_44897\"><b>Madrid (Spagna) \u2013 29 febbraio <\/b>\u2013 Luned\u00ec 29 febbraio il maestro Giordano Passini ha tenuto, nelle sale del comitato, una lezione concerto dal titolo \u201cUn viaggio nelle sei corde\u201d. Passini ha eseguito per i presenti una serie di capisaldi del repertorio di chitarra classica, partendo dal\u2019700 fino ad arrivare agli ultimi anni del Novecento.<\/li>\n<li id=\"yui_3_16_0_1_1457332124367_44899\"><b>Parigi (Francia) \u2013 3 marzo<\/b> \u2013 Gioved\u00ec 3 marzo il comitato, in occasione del quarto anniversario dalla scomparsa di Vincenzo Consolo, ha dedicato allo scrittore e saggista italiano un seminario, a cui hanno partecipato il professor Giancarlo Magnano San Lio, la professoressa di letterature comparate e teoria della letteratura Rosalba Galvagno e il presidente del comitato della Societ\u00e0 Dante Alighieri di Catania Dario Stazzone. Nel corso della conferenza \u00e8 stato presentato il volume della professoressa Rosa Maria Monastra \u201cDiverso \u00e8 lo scrivere. Scrittura poetica dell\u2019impegno in Vincenzo Consolo\u201d.<\/li>\n<\/ul>\n<\/td>\n<\/tr>\n<\/tbody>\n<\/table>\n<\/td>\n<\/tr>\n<\/tbody>\n<\/table>\n<\/td>\n<\/tr>\n<\/tbody>\n<\/table>\n<\/div>\n<\/div>\n","protected":false},"excerpt":{"rendered":"<p>\u00a0\u00a0 04\/03\/2016 La lettera settimanale n. 7 \u00a0\u00a0 \u00a0\u00a0 IL COMITATO DELLA SETTIMANA Parole ritrovate: Scommessa In occasione della recente visita del Presidente del Consiglio Matteo Renzi al nostro comitato di Buenos Aires, i rappresentanti dei sodalizi provenienti dalle aree limitrofe della capitale si sono ritrovati e si sono fatti&hellip;<\/p>\n","protected":false},"author":1,"featured_media":0,"comment_status":"open","ping_status":"open","sticky":false,"template":"","format":"standard","meta":{"_jetpack_memberships_contains_paid_content":false,"footnotes":""},"categories":[46],"tags":[29,26,54,47,66,27],"class_list":["post-656","post","type-post","status-publish","format-standard","hentry","category-news","tag-alighieri","tag-dante","tag-lettera","tag-roma","tag-sede","tag-tbilisi"],"jetpack_featured_media_url":"","jetpack_sharing_enabled":true,"_links":{"self":[{"href":"https:\/\/dantetbilisi.ge\/ita\/wp-json\/wp\/v2\/posts\/656","targetHints":{"allow":["GET"]}}],"collection":[{"href":"https:\/\/dantetbilisi.ge\/ita\/wp-json\/wp\/v2\/posts"}],"about":[{"href":"https:\/\/dantetbilisi.ge\/ita\/wp-json\/wp\/v2\/types\/post"}],"author":[{"embeddable":true,"href":"https:\/\/dantetbilisi.ge\/ita\/wp-json\/wp\/v2\/users\/1"}],"replies":[{"embeddable":true,"href":"https:\/\/dantetbilisi.ge\/ita\/wp-json\/wp\/v2\/comments?post=656"}],"version-history":[{"count":0,"href":"https:\/\/dantetbilisi.ge\/ita\/wp-json\/wp\/v2\/posts\/656\/revisions"}],"wp:attachment":[{"href":"https:\/\/dantetbilisi.ge\/ita\/wp-json\/wp\/v2\/media?parent=656"}],"wp:term":[{"taxonomy":"category","embeddable":true,"href":"https:\/\/dantetbilisi.ge\/ita\/wp-json\/wp\/v2\/categories?post=656"},{"taxonomy":"post_tag","embeddable":true,"href":"https:\/\/dantetbilisi.ge\/ita\/wp-json\/wp\/v2\/tags?post=656"}],"curies":[{"name":"wp","href":"https:\/\/api.w.org\/{rel}","templated":true}]}}